{"id":1,"date":"2019-11-23T19:55:00","date_gmt":"2019-11-23T18:55:00","guid":{"rendered":"https:\/\/kgherchen.de\/?p=1"},"modified":"2021-02-07T20:36:09","modified_gmt":"2021-02-07T19:36:09","slug":"willkommen","status":"publish","type":"post","link":"https:\/\/kgherchen.de\/index.php\/2019\/11\/23\/willkommen\/","title":{"rendered":"Unser Prinzenpaar f\u00fcr die Session 2019\/2020"},"content":{"rendered":"<p>Unter dem Motto:&nbsp;<strong>&#8222;L\u00e4uf d&#8216; Welt och net janz rund, en Herchen fiere m&#8217;r kunterbunt!&#8220; <\/strong>wurde am&nbsp;<strong>16.11.2019 das neue Prinzenpaar der KG Rot-Wei\u00df Herchen 1994 e.V. <\/strong>in Amt und W\u00fcrden erhoben.<br \/>\nIm B\u00fcrgerhaus zu Hoppengarten wurden die Tollit\u00e4ten und die neuen T\u00e4nze der Tanzgruppen der Herchener KG pr\u00e4sentiert, sowie ein bunter Reigen an heimischen und regionalen Gruppen, Tanzgarden und M\u00e4nnerballetts zeigten an dem Abend ihr K\u00f6nnen.<\/p>\n<p>Die Windecker <b style=\"mso-bidi-font-weight: normal;\">B\u00fcrgermeisterin Alexandra Gau\u00df<\/b> proklamierte das <strong>Prinzenpaar Christoph I. und Yvonne I. &nbsp;<\/strong>und \u00fcberreichte dem Prinzenpaar die Insignien der n\u00e4rrischen Macht.<br \/>\nZusammen mit ihren <b style=\"mso-bidi-font-weight: normal;\">Adjutanten Ralf Schlimm und Tina Schwarzer-Kr\u00f6ll<\/b><b> <\/b>und dem Gefolge aus Familien und Freunden wird das Prinzenpaar bis Aschermittwoch die Narren regieren.<\/p>\n<p><strong>Prinz Christoph I.<\/strong>&nbsp;<b style=\"mso-bidi-font-weight: normal;\">aus dem Hause Schnell<\/b> zu Herchen stammt schon aus einer jecken Familie. Sein Vater &#8222;de Schnells Jupp&#8220; war &#8222;bim H\u00f6ffer&#8220; in Dattenfeld jahrelang an Veilchendienstag der Zugansager.<br \/>\nDurch seine Frau Yvonne ist Christoph zum Herchener Karneval gekommen und die erste Fahrt auf dem Herchener Prinzenwagen absolvierte er, als seine Schwiegereltern&nbsp;<strong>Resi und Hans-Peter Decker<\/strong>&nbsp;das Herchener Prinzenpaar waren.<br \/>\nDer 41j\u00e4hrige ist FC-Fan, arbeitet als Dachdecker-Geselle bei Rolf Becker in Wilberhofen und ist dar\u00fcber hinaus im&nbsp;<strong>KG-Vorstand als Jugendwart<\/strong>&nbsp;engagierter Ansprechpartner der Lollipops.<br \/>\nF\u00fcr die Session w\u00fcnscht er sich, zusammen mit seiner Frau als eigentlich&nbsp;<em>Herchener<\/em><strong>&nbsp;Prinzenpaar ganz Windeck&nbsp;<\/strong>zu pr\u00e4sentieren und mit allen Jecken aus Windeck und der Region zu feiern und eine tolle Zeit zu haben.<\/p>\n<p><b style=\"mso-bidi-font-weight: normal;\">Prinzessin Yvonne I. aus dem Hause Schnell<\/b> zu Herchen ist schon von Kindesbeinen an immer im Herchener Zug mitgegangen und auch schon, mit Ihren Eltern, auf dem Prinzenwagen mitgefahren. Denn Yvonnes Familie ist im Herchener Karneval wohlbekannt. Ihre Eltern Resi und Hans-Peter Decker waren in der Session 1992\/93 das Herchener Prinzenpaar. Zudem war ihre 15 Minuten j\u00fcngere Zwillingsschwester Ulla im Herchener Dreigestirn der Session 2016\/17 Prinzessin.<br \/>\nNun hat die 41j\u00e4hrige Leiterin des Sozialen Dienstes im Pflegeheim Fabianek, in der Session die Regentschaft \u00fcber die Windecker Narren.<\/p>\n<p>Auch die beiden Kinder des Prinzenpaares sind in der KG Herchen aktiv<b>. Be<\/b><b style=\"mso-bidi-font-weight: normal;\">nedikt<\/b> hilft bei der KG, wo es nur geht; ob bei Auftritten, beim Wagenbau oder als Kamelletester und wird manches Mal liebevoll V3 genannt.<br \/>\n<b style=\"mso-bidi-font-weight: normal;\">Maline <\/b>tanzt schon von klein auf bei unserer Kinder- und Jugendtanzgruppe \u201eLollipops\u201c und kennt somit die B\u00fchnen der Region.<br \/>\nIhr ist es letztlich zu verdanken, dass ihre Eltern zur KG Herchen gekommen sind.<\/p>\n<p>Die KG Herchen freut sich auf die Session und w\u00fcnscht allen Jecken viel Spa\u00df!!!<\/p>\n<p><img loading=\"lazy\" decoding=\"async\" src=\"https:\/\/kgherchen.de\/wp-content\/uploads\/2019\/11\/Prinzenpaar_2019_2020-619x1024.png\" alt=\"Prinzenpaar_2019_2020\" srcset=\"https:\/\/kgherchen.de\/wp-content\/uploads\/2019\/11\/Prinzenpaar_2019_2020-619x1024.png 619w, https:\/\/kgherchen.de\/wp-content\/uploads\/2019\/11\/Prinzenpaar_2019_2020-181x300.png 181w, https:\/\/kgherchen.de\/wp-content\/uploads\/2019\/11\/Prinzenpaar_2019_2020-768x1271.png 768w, https:\/\/kgherchen.de\/wp-content\/uploads\/2019\/11\/Prinzenpaar_2019_2020-928x1536.png 928w, https:\/\/kgherchen.de\/wp-content\/uploads\/2019\/11\/Prinzenpaar_2019_2020.png 1187w\" sizes=\"auto, 100vw\" width=\"525\" height=\"868\"><\/p>\n","protected":false},"excerpt":{"rendered":"<p>Unter dem Motto:&nbsp;&#8222;L\u00e4uf d&#8216; Welt och net janz rund, en Herchen fiere m&#8217;r kunterbunt!&#8220; wurde am&nbsp;16.11.2019 das neue Prinzenpaar der KG Rot-Wei\u00df Herchen 1994 e.V. in Amt und W\u00fcrden erhoben. Im B\u00fcrgerhaus zu Hoppengarten wurden die Tollit\u00e4ten und die neuen T\u00e4nze der Tanzgruppen der Herchener KG pr\u00e4sentiert, sowie ein bunter Reigen an heimischen und regionalen &hellip; <\/p>\n<p class=\"link-more\"><a href=\"https:\/\/kgherchen.de\/index.php\/2019\/11\/23\/willkommen\/\" class=\"more-link\"><span class=\"screen-reader-text\">\u201eUnser Prinzenpaar f\u00fcr die Session 2019\/2020\u201c<\/span> weiterlesen<\/a><\/p>\n","protected":false},"author":1,"featured_media":0,"comment_status":"closed","ping_status":"closed","sticky":false,"template":"","format":"standard","meta":{"ngg_post_thumbnail":0,"footnotes":""},"categories":[13],"tags":[],"class_list":["post-1","post","type-post","status-publish","format-standard","hentry","category-session-20-21"],"_links":{"self":[{"href":"https:\/\/kgherchen.de\/index.php\/wp-json\/wp\/v2\/posts\/1","targetHints":{"allow":["GET"]}}],"collection":[{"href":"https:\/\/kgherchen.de\/index.php\/wp-json\/wp\/v2\/posts"}],"about":[{"href":"https:\/\/kgherchen.de\/index.php\/wp-json\/wp\/v2\/types\/post"}],"author":[{"embeddable":true,"href":"https:\/\/kgherchen.de\/index.php\/wp-json\/wp\/v2\/users\/1"}],"replies":[{"embeddable":true,"href":"https:\/\/kgherchen.de\/index.php\/wp-json\/wp\/v2\/comments?post=1"}],"version-history":[{"count":25,"href":"https:\/\/kgherchen.de\/index.php\/wp-json\/wp\/v2\/posts\/1\/revisions"}],"predecessor-version":[{"id":1698,"href":"https:\/\/kgherchen.de\/index.php\/wp-json\/wp\/v2\/posts\/1\/revisions\/1698"}],"wp:attachment":[{"href":"https:\/\/kgherchen.de\/index.php\/wp-json\/wp\/v2\/media?parent=1"}],"wp:term":[{"taxonomy":"category","embeddable":true,"href":"https:\/\/kgherchen.de\/index.php\/wp-json\/wp\/v2\/categories?post=1"},{"taxonomy":"post_tag","embeddable":true,"href":"https:\/\/kgherchen.de\/index.php\/wp-json\/wp\/v2\/tags?post=1"}],"curies":[{"name":"wp","href":"https:\/\/api.w.org\/{rel}","templated":true}]}}