{"id":1599,"date":"2020-10-02T19:16:00","date_gmt":"2020-10-02T17:16:00","guid":{"rendered":"https:\/\/kgherchen.de\/?p=1599"},"modified":"2021-02-07T20:36:01","modified_gmt":"2021-02-07T19:36:01","slug":"willkommen-bei-der-kg-herchen","status":"publish","type":"post","link":"https:\/\/kgherchen.de\/index.php\/2020\/10\/02\/willkommen-bei-der-kg-herchen\/","title":{"rendered":"In Zeiten von Corona ist alles anders"},"content":{"rendered":"<p>Eigentlich sind es nur noch wenige Wochen bis zum Beginn der \u201e5. Jahreszeit\u201c. Aber in Zeiten von Corona ist dieses Jahr doch alles anders.<\/p>\n<p>Lange waren wir der Meinung, dass eine Session 2020\/2021 noch irgendwie m\u00f6glich sein w\u00fcrde. Aber mittlerweile wissen wir, dass es bei Einhaltung aller Abstands- und Hygieneregeln unm\u00f6glich ist, eine lockere und unbeschwerte Karnevalssession mit gutem Gewissen durchzuf\u00fchren.<\/p>\n<p>So hat sich die KG Herchen entschlossen, in der Session 2020\/2021 keine eigenen Veranstaltungen und keinen Umzug auszurichten.<\/p>\n<p>Das designierte Dreigestirn muss leider noch auf seine Proklamation warten.<\/p>\n<p>Dreimal von Herzen \u201eAlaaf\u201c<br \/>\nDer Vorstand<\/p>\n","protected":false},"excerpt":{"rendered":"<p>Eigentlich sind es nur noch wenige Wochen bis zum Beginn der \u201e5. Jahreszeit\u201c. Aber in Zeiten von Corona ist dieses Jahr doch alles anders. Lange waren wir der Meinung, dass eine Session 2020\/2021 noch irgendwie m\u00f6glich sein w\u00fcrde. Aber mittlerweile wissen wir, dass es bei Einhaltung aller Abstands- und Hygieneregeln unm\u00f6glich ist, eine lockere und &hellip; <\/p>\n<p class=\"link-more\"><a href=\"https:\/\/kgherchen.de\/index.php\/2020\/10\/02\/willkommen-bei-der-kg-herchen\/\" class=\"more-link\"><span class=\"screen-reader-text\">\u201eIn Zeiten von Corona ist alles anders\u201c<\/span> weiterlesen<\/a><\/p>\n","protected":false},"author":1,"featured_media":0,"comment_status":"closed","ping_status":"closed","sticky":false,"template":"","format":"standard","meta":{"ngg_post_thumbnail":0,"footnotes":""},"categories":[13],"tags":[],"class_list":["post-1599","post","type-post","status-publish","format-standard","hentry","category-session-20-21"],"_links":{"self":[{"href":"https:\/\/kgherchen.de\/index.php\/wp-json\/wp\/v2\/posts\/1599","targetHints":{"allow":["GET"]}}],"collection":[{"href":"https:\/\/kgherchen.de\/index.php\/wp-json\/wp\/v2\/posts"}],"about":[{"href":"https:\/\/kgherchen.de\/index.php\/wp-json\/wp\/v2\/types\/post"}],"author":[{"embeddable":true,"href":"https:\/\/kgherchen.de\/index.php\/wp-json\/wp\/v2\/users\/1"}],"replies":[{"embeddable":true,"href":"https:\/\/kgherchen.de\/index.php\/wp-json\/wp\/v2\/comments?post=1599"}],"version-history":[{"count":9,"href":"https:\/\/kgherchen.de\/index.php\/wp-json\/wp\/v2\/posts\/1599\/revisions"}],"predecessor-version":[{"id":1697,"href":"https:\/\/kgherchen.de\/index.php\/wp-json\/wp\/v2\/posts\/1599\/revisions\/1697"}],"wp:attachment":[{"href":"https:\/\/kgherchen.de\/index.php\/wp-json\/wp\/v2\/media?parent=1599"}],"wp:term":[{"taxonomy":"category","embeddable":true,"href":"https:\/\/kgherchen.de\/index.php\/wp-json\/wp\/v2\/categories?post=1599"},{"taxonomy":"post_tag","embeddable":true,"href":"https:\/\/kgherchen.de\/index.php\/wp-json\/wp\/v2\/tags?post=1599"}],"curies":[{"name":"wp","href":"https:\/\/api.w.org\/{rel}","templated":true}]}}