{"id":1781,"date":"2021-07-22T16:08:54","date_gmt":"2021-07-22T14:08:54","guid":{"rendered":"https:\/\/kgherchen.de\/?p=1781"},"modified":"2025-01-24T14:05:12","modified_gmt":"2025-01-24T13:05:12","slug":"termin-vorankuendigung-vereinsmitteilung-kg-rot-weiss-herchen-1994-e-v-ausgebremst-durch-die-corona-pandemie-lag-das-vereinsleben-der-kg-rot-weiss-herchen-seit-februar-2020-quasi-brach-optimistisch","status":"publish","type":"post","link":"https:\/\/kgherchen.de\/index.php\/2021\/07\/22\/termin-vorankuendigung-vereinsmitteilung-kg-rot-weiss-herchen-1994-e-v-ausgebremst-durch-die-corona-pandemie-lag-das-vereinsleben-der-kg-rot-weiss-herchen-seit-februar-2020-quasi-brach-optimistisch\/","title":{"rendered":"Termin Vorank\u00fcndigung \/ Vereinsmitteilung KG Rot-Wei\u00df Herchen 1994 e.V."},"content":{"rendered":"\n<p>Ausgebremst durch die Corona Pandemie lag das Vereinsleben der KG Rot-Weiss Herchen seit Februar 2020 quasi brach. Optimistisch f\u00fcr eine karnevalistische Zukunft wollen wir in diesem Jahr wieder langsam durchstarten und unsere Mitglieder, Tanzgruppen und Vorstandsmitglieder \u00fcber zuk\u00fcnftige Veranstaltungen informieren. Die diesj\u00e4hrige Jahreshauptversammlung mit damit verbundenen Wahlen findet nach jetzigem Stand am Freitag, dem 03.09.2021 um 19 Uhr im Haus des Gastes in Herchen statt. Die Einladung zu dieser Veranstaltung erfolgt pers\u00f6nlich und schriftlich zu einem sp\u00e4teren Zeitpunkt. Mit karnevalistischem Gru\u00df, dreimal Herchen Alaaf!<\/p>\n","protected":false},"excerpt":{"rendered":"<p>Ausgebremst durch die Corona Pandemie lag das Vereinsleben der KG Rot-Weiss Herchen seit Februar 2020 quasi brach. Optimistisch f\u00fcr eine karnevalistische Zukunft wollen wir in diesem Jahr wieder langsam durchstarten und unsere Mitglieder, Tanzgruppen und Vorstandsmitglieder \u00fcber zuk\u00fcnftige Veranstaltungen informieren. Die diesj\u00e4hrige Jahreshauptversammlung mit damit verbundenen Wahlen findet nach jetzigem Stand am Freitag, dem 03.09.2021 &hellip; <\/p>\n<p class=\"link-more\"><a href=\"https:\/\/kgherchen.de\/index.php\/2021\/07\/22\/termin-vorankuendigung-vereinsmitteilung-kg-rot-weiss-herchen-1994-e-v-ausgebremst-durch-die-corona-pandemie-lag-das-vereinsleben-der-kg-rot-weiss-herchen-seit-februar-2020-quasi-brach-optimistisch\/\" class=\"more-link\"><span class=\"screen-reader-text\">\u201eTermin Vorank\u00fcndigung \/ Vereinsmitteilung KG Rot-Wei\u00df Herchen 1994 e.V.\u201c<\/span> weiterlesen<\/a><\/p>\n","protected":false},"author":3,"featured_media":0,"comment_status":"closed","ping_status":"closed","sticky":false,"template":"","format":"standard","meta":{"ngg_post_thumbnail":0,"footnotes":""},"categories":[15],"tags":[],"class_list":["post-1781","post","type-post","status-publish","format-standard","hentry","category-session-21-22"],"_links":{"self":[{"href":"https:\/\/kgherchen.de\/index.php\/wp-json\/wp\/v2\/posts\/1781","targetHints":{"allow":["GET"]}}],"collection":[{"href":"https:\/\/kgherchen.de\/index.php\/wp-json\/wp\/v2\/posts"}],"about":[{"href":"https:\/\/kgherchen.de\/index.php\/wp-json\/wp\/v2\/types\/post"}],"author":[{"embeddable":true,"href":"https:\/\/kgherchen.de\/index.php\/wp-json\/wp\/v2\/users\/3"}],"replies":[{"embeddable":true,"href":"https:\/\/kgherchen.de\/index.php\/wp-json\/wp\/v2\/comments?post=1781"}],"version-history":[{"count":5,"href":"https:\/\/kgherchen.de\/index.php\/wp-json\/wp\/v2\/posts\/1781\/revisions"}],"predecessor-version":[{"id":1802,"href":"https:\/\/kgherchen.de\/index.php\/wp-json\/wp\/v2\/posts\/1781\/revisions\/1802"}],"wp:attachment":[{"href":"https:\/\/kgherchen.de\/index.php\/wp-json\/wp\/v2\/media?parent=1781"}],"wp:term":[{"taxonomy":"category","embeddable":true,"href":"https:\/\/kgherchen.de\/index.php\/wp-json\/wp\/v2\/categories?post=1781"},{"taxonomy":"post_tag","embeddable":true,"href":"https:\/\/kgherchen.de\/index.php\/wp-json\/wp\/v2\/tags?post=1781"}],"curies":[{"name":"wp","href":"https:\/\/api.w.org\/{rel}","templated":true}]}}