{"id":1958,"date":"2021-09-26T19:46:02","date_gmt":"2021-09-26T17:46:02","guid":{"rendered":"https:\/\/kgherchen.de\/?p=1958"},"modified":"2021-09-26T19:46:05","modified_gmt":"2021-09-26T17:46:05","slug":"der-verein","status":"publish","type":"post","link":"https:\/\/kgherchen.de\/index.php\/2021\/09\/26\/der-verein\/","title":{"rendered":"Der Verein"},"content":{"rendered":"\n<p> Die KG Rot-Wei\u00df Herchen 1994 e. V. ist in Windeck eine sehr engagierte Karnevalsgesellschaft, die regelm\u00e4\u00dfig die Windecker Tolit\u00e4ten stellt und ein abwechslungsreiches Gesellschaftsleben bietet. In der Karnevalszeit veranstalten wir traditionell neben der Proklamation in Windeck-Hoppengarten eine Karnevalssitzung und einen Karnevalszug in Windeck-Herchen. Weiterhin sind wir regelm\u00e4\u00dfig auf Karnevalssitzungen und -z\u00fcgen unserer befreundeten Karnevalsgesellschaften in Windeck und \u00fcber die Grenzen der Gemeinde hinaus eingeladen. <\/p>\n\n\n\n<div class=\"wp-block-image\"><figure class=\"aligncenter size-full\"><img loading=\"lazy\" decoding=\"async\" width=\"1024\" height=\"683\" src=\"https:\/\/kgherchen.de\/wp-content\/uploads\/2020\/02\/Sitzung-KG-HERCHEN_25_01_20__01.jpg\" alt=\"\" class=\"wp-image-849\" srcset=\"https:\/\/kgherchen.de\/wp-content\/uploads\/2020\/02\/Sitzung-KG-HERCHEN_25_01_20__01.jpg 1024w, https:\/\/kgherchen.de\/wp-content\/uploads\/2020\/02\/Sitzung-KG-HERCHEN_25_01_20__01-300x200.jpg 300w, https:\/\/kgherchen.de\/wp-content\/uploads\/2020\/02\/Sitzung-KG-HERCHEN_25_01_20__01-768x512.jpg 768w\" sizes=\"auto, (max-width: 706px) 89vw, (max-width: 767px) 82vw, 740px\" \/><\/figure><\/div>\n","protected":false},"excerpt":{"rendered":"<p>Die KG Rot-Wei\u00df Herchen 1994 e. V. ist in Windeck eine sehr engagierte Karnevalsgesellschaft, die regelm\u00e4\u00dfig die Windecker Tolit\u00e4ten stellt und ein abwechslungsreiches Gesellschaftsleben bietet. In der Karnevalszeit veranstalten wir traditionell neben der Proklamation in Windeck-Hoppengarten eine Karnevalssitzung und einen Karnevalszug in Windeck-Herchen. Weiterhin sind wir regelm\u00e4\u00dfig auf Karnevalssitzungen und -z\u00fcgen unserer befreundeten Karnevalsgesellschaften in &hellip; <\/p>\n<p class=\"link-more\"><a href=\"https:\/\/kgherchen.de\/index.php\/2021\/09\/26\/der-verein\/\" class=\"more-link\"><span class=\"screen-reader-text\">\u201eDer Verein\u201c<\/span> weiterlesen<\/a><\/p>\n","protected":false},"author":3,"featured_media":0,"comment_status":"closed","ping_status":"closed","sticky":false,"template":"","format":"standard","meta":{"ngg_post_thumbnail":0,"footnotes":""},"categories":[1],"tags":[],"class_list":["post-1958","post","type-post","status-publish","format-standard","hentry","category-uncategorized"],"_links":{"self":[{"href":"https:\/\/kgherchen.de\/index.php\/wp-json\/wp\/v2\/posts\/1958","targetHints":{"allow":["GET"]}}],"collection":[{"href":"https:\/\/kgherchen.de\/index.php\/wp-json\/wp\/v2\/posts"}],"about":[{"href":"https:\/\/kgherchen.de\/index.php\/wp-json\/wp\/v2\/types\/post"}],"author":[{"embeddable":true,"href":"https:\/\/kgherchen.de\/index.php\/wp-json\/wp\/v2\/users\/3"}],"replies":[{"embeddable":true,"href":"https:\/\/kgherchen.de\/index.php\/wp-json\/wp\/v2\/comments?post=1958"}],"version-history":[{"count":1,"href":"https:\/\/kgherchen.de\/index.php\/wp-json\/wp\/v2\/posts\/1958\/revisions"}],"predecessor-version":[{"id":1959,"href":"https:\/\/kgherchen.de\/index.php\/wp-json\/wp\/v2\/posts\/1958\/revisions\/1959"}],"wp:attachment":[{"href":"https:\/\/kgherchen.de\/index.php\/wp-json\/wp\/v2\/media?parent=1958"}],"wp:term":[{"taxonomy":"category","embeddable":true,"href":"https:\/\/kgherchen.de\/index.php\/wp-json\/wp\/v2\/categories?post=1958"},{"taxonomy":"post_tag","embeddable":true,"href":"https:\/\/kgherchen.de\/index.php\/wp-json\/wp\/v2\/tags?post=1958"}],"curies":[{"name":"wp","href":"https:\/\/api.w.org\/{rel}","templated":true}]}}